{"id":24985,"date":"2023-10-10T10:19:07","date_gmt":"2023-10-10T07:19:07","guid":{"rendered":"https:\/\/laserisse.com\/laser-isse-europe-gmbh-is-in-blechexpo-2023\/"},"modified":"2024-08-13T10:55:36","modified_gmt":"2024-08-13T07:55:36","slug":"die-laser-isse-europe-gmbh-ist-auf-der-blechexpo-2023","status":"publish","type":"post","link":"https:\/\/laserisse.com\/de\/fairs-we-attended\/die-laser-isse-europe-gmbh-ist-auf-der-blechexpo-2023\/","title":{"rendered":"Die LASER ISSE Europe GmbH ist auf der Blechexpo 2023!"},"content":{"rendered":"<section class=\"l-section wpb_row height_auto\"><div class=\"l-section-h i-cf\"><div class=\"g-cols vc_row via_flex valign_top type_default stacking_default\"><div class=\"vc_col-sm-6 wpb_column vc_column_container\"><div class=\"vc_column-inner us_custom_5d7c844f\"><div class=\"wpb_wrapper\"><div class=\"wpb_text_column\"><div class=\"wpb_wrapper\"><h2>Wir nahmen an der Blechexpo 2023 teil<\/h2>\n<p>Unser gr\u00f6\u00dfter und erfolgreichster Blechexpo-Stand erm\u00f6glichte es uns, viele unserer Laserl\u00f6sungen zu pr\u00e4sentieren und eine Rekordzahl von Besuchern zu empfangen.<\/p>\n<p>Es ist klar, dass <strong>Laser ISSE<\/strong> ein Name f\u00fcr hochwertige schl\u00fcsselfertige Laserl\u00f6sungen mit schneller Lieferung und wettbewerbsf\u00e4higen Preisen ist.<\/p>\n<p>Wir freuen uns darauf, Ihnen mehr zu erz\u00e4hlen und Ihnen bei Ihren zuk\u00fcnftigen Projekten \u00fcber Laser ISSE Europe GmbH in Deutschland, Laser Isse Inc. in den USA und Laser ISSE, T\u00fcrkei (HQ), zu helfen.<\/p>\n<\/div><\/div><\/div><\/div><\/div><div class=\"vc_col-sm-6 wpb_column vc_column_container\"><div class=\"vc_column-inner\"><div class=\"wpb_wrapper\"><div class=\"w-image align_none\"><div class=\"w-image-h\"><img decoding=\"async\" width=\"1024\" height=\"1024\" src=\"https:\/\/laserisse.com\/wp-content\/uploads\/2023\/10\/Laser-ISSE-Blechexpo-2023-Participating_blog-1024x1024.jpg\" class=\"attachment-large size-large\" alt=\"\" loading=\"lazy\" srcset=\"https:\/\/laserisse.com\/wp-content\/uploads\/2023\/10\/Laser-ISSE-Blechexpo-2023-Participating_blog-1024x1024.jpg 1024w, https:\/\/laserisse.com\/wp-content\/uploads\/2023\/10\/Laser-ISSE-Blechexpo-2023-Participating_blog-300x300.jpg 300w, https:\/\/laserisse.com\/wp-content\/uploads\/2023\/10\/Laser-ISSE-Blechexpo-2023-Participating_blog-150x150.jpg 150w, https:\/\/laserisse.com\/wp-content\/uploads\/2023\/10\/Laser-ISSE-Blechexpo-2023-Participating_blog.jpg 1080w\" sizes=\"auto, (max-width: 1024px) 100vw, 1024px\" title=\"Laser Isse\"><\/div><\/div><\/div><\/div><\/div><\/div><\/div><\/section><section class=\"l-section wpb_row height_small\"><div class=\"l-section-h i-cf\"><div class=\"g-cols vc_row via_flex valign_top type_default stacking_default\"><div class=\"vc_col-sm-12 wpb_column vc_column_container\"><div class=\"vc_column-inner\"><div class=\"wpb_wrapper\"><h1 class=\"w-text us_custom_eb849559\"><span class=\"w-text-h\"><span class=\"w-text-value\">Blechexpo 2023<\/span><\/span><\/h1><div class=\"w-html\"><div style=\"position: relative; padding-top: 56.25%;\">\n  <iframe\n    src=\"https:\/\/customer-mbxktl6mguo62w5b.cloudflarestream.com\/14278be42d21b50c14b633f05fc1602f\/iframe?poster=https%3A%2F%2Fcustomer-mbxktl6mguo62w5b.cloudflarestream.com%2F14278be42d21b50c14b633f05fc1602f%2Fthumbnails%2Fthumbnail.jpg%3Ftime%3D%26height%3D600\"\n    style=\"border: none; position: absolute; top: 0; left: 0; height: 100%; width: 100%;\"\n    allow=\"accelerometer; gyroscope; autoplay; encrypted-media; picture-in-picture;\"\n    allowfullscreen=\"true\"\n  ><\/iframe>\n<\/div><\/div><div class=\"w-separator size_custom\" style=\"height:50\"><\/div><div class=\"g-cols wpb_row via_flex valign_top type_default stacking_default\"><div class=\"vc_col-sm-6 wpb_column vc_column_container\"><div class=\"vc_column-inner\"><div class=\"wpb_wrapper\"><h3 class=\"w-text us_custom_eb849559\"><span class=\"w-text-h\"><span class=\"w-text-value\">Tag der Er\u00f6ffnung<\/span><\/span><\/h3><div class=\"w-html\"><div style=\"position: relative; padding-top: 56.25%;\">\n  <iframe\n    src=\"https:\/\/customer-mbxktl6mguo62w5b.cloudflarestream.com\/e140432873cfee9501e8228923991641\/iframe?poster=https%3A%2F%2Fcustomer-mbxktl6mguo62w5b.cloudflarestream.com%2Fe140432873cfee9501e8228923991641%2Fthumbnails%2Fthumbnail.jpg%3Ftime%3D0h0m17s%26height%3D600\"\n    style=\"border: none; position: absolute; top: 0; left: 0; height: 100%; width: 100%;\"\n    allow=\"accelerometer; gyroscope; autoplay; encrypted-media; picture-in-picture;\"\n    allowfullscreen=\"true\"\n  ><\/iframe>\n<\/div><\/div><\/div><\/div><\/div><div class=\"vc_col-sm-6 wpb_column vc_column_container\"><div class=\"vc_column-inner\"><div class=\"wpb_wrapper\"><h3 class=\"w-text us_custom_eb849559\"><span class=\"w-text-h\"><span class=\"w-text-value\">Ende der Show<\/span><\/span><\/h3><div class=\"w-html\"><div style=\"position: relative; padding-top: 56.25%;\">\n  <iframe\n    src=\"https:\/\/customer-mbxktl6mguo62w5b.cloudflarestream.com\/fb12813134faa0e3d6826ae72be1248f\/iframe?poster=https%3A%2F%2Fcustomer-mbxktl6mguo62w5b.cloudflarestream.com%2Ffb12813134faa0e3d6826ae72be1248f%2Fthumbnails%2Fthumbnail.jpg%3Ftime%3D0h0m6s%26height%3D600\"\n    style=\"border: none; position: absolute; top: 0; left: 0; height: 100%; width: 100%;\"\n    allow=\"accelerometer; gyroscope; autoplay; encrypted-media; picture-in-picture;\"\n    allowfullscreen=\"true\"\n  ><\/iframe>\n<\/div><\/div><\/div><\/div><\/div><\/div><\/div><\/div><\/div><\/div><\/div><\/section>\n","protected":false},"excerpt":{"rendered":"Wir nahmen an der Blechexpo 2023 teil Unser gr\u00f6\u00dfter und erfolgreichster Blechexpo-Stand erm\u00f6glichte es uns, viele unserer Laserl\u00f6sungen zu pr\u00e4sentieren und eine Rekordzahl von Besuchern zu empfangen. Es ist klar, dass Laser ISSE ein Name f\u00fcr hochwertige schl\u00fcsselfertige Laserl\u00f6sungen mit schneller Lieferung und wettbewerbsf\u00e4higen Preisen ist. Wir freuen uns darauf, Ihnen mehr zu erz\u00e4hlen und...","protected":false},"author":743,"featured_media":24986,"comment_status":"closed","ping_status":"closed","sticky":false,"template":"","format":"standard","meta":{"inline_featured_image":false,"footnotes":""},"categories":[10],"tags":[],"class_list":["post-24985","post","type-post","status-publish","format-standard","has-post-thumbnail","hentry","category-fairs-we-attended"],"_links":{"self":[{"href":"https:\/\/laserisse.com\/de\/wp-json\/wp\/v2\/posts\/24985","targetHints":{"allow":["GET"]}}],"collection":[{"href":"https:\/\/laserisse.com\/de\/wp-json\/wp\/v2\/posts"}],"about":[{"href":"https:\/\/laserisse.com\/de\/wp-json\/wp\/v2\/types\/post"}],"author":[{"embeddable":true,"href":"https:\/\/laserisse.com\/de\/wp-json\/wp\/v2\/users\/743"}],"replies":[{"embeddable":true,"href":"https:\/\/laserisse.com\/de\/wp-json\/wp\/v2\/comments?post=24985"}],"version-history":[{"count":0,"href":"https:\/\/laserisse.com\/de\/wp-json\/wp\/v2\/posts\/24985\/revisions"}],"wp:featuredmedia":[{"embeddable":true,"href":"https:\/\/laserisse.com\/de\/wp-json\/wp\/v2\/media\/24986"}],"wp:attachment":[{"href":"https:\/\/laserisse.com\/de\/wp-json\/wp\/v2\/media?parent=24985"}],"wp:term":[{"taxonomy":"category","embeddable":true,"href":"https:\/\/laserisse.com\/de\/wp-json\/wp\/v2\/categories?post=24985"},{"taxonomy":"post_tag","embeddable":true,"href":"https:\/\/laserisse.com\/de\/wp-json\/wp\/v2\/tags?post=24985"}],"curies":[{"name":"wp","href":"https:\/\/api.w.org\/{rel}","templated":true}]}}